{"id":29,"date":"2011-01-11T15:21:42","date_gmt":"2011-01-11T13:21:42","guid":{"rendered":"http:\/\/edublog.me\/klassenblog\/?p=29"},"modified":"2011-03-17T16:11:13","modified_gmt":"2011-03-17T14:11:13","slug":"petitonsentwurf","status":"publish","type":"post","link":"https:\/\/edublog.me\/klassenblog\/2011\/01\/11\/petitonsentwurf\/","title":{"rendered":"Petitonsentwurf"},"content":{"rendered":"<p>Im Rahmen des Unterrichts zum Thema Pflegeversicherung haben wir eine Petition erarbeitet bzw. uns erste Gedanken hierzu gemacht.<br \/>\nDer aktuelle Stand ist nachfolgend zu lesen:<\/p>\n<h3>Einzelpetition an den Deutschen Bundestag<\/h3>\n<hr>\n<ol>\n<li><strong>U\u0308ber welche Entscheidung\/welche Ma\u00dfnahme\/welchen Sachverhalt wollen Sie sich beschweren? (Kurze Umschreibung des Gegenstands Ihrer Petition \u2013 500 Zeichen zula\u0308ssig)<br \/>\n<\/strong><\/p>\n<blockquote><p>Der Bundesminister fu\u0308r Gesundheit, Herr Ro\u0308sler (FDP) hat eine Pflegeversicherungsreform fu\u0308r Anfang 2011 angeku\u0308ndigt. ! Wir (eine Gesundheits- und Pflegeassistenz-Klasse der Gesundheitsfachschule W1) haben uns im Politikunterricht mit der Pflegeversicherung ausgiebig bescha\u0308ftigt. Ideen sind in unseren Ko\u0308pfen gereift und wir wollen es nicht versa\u0308umen, Ihnen diese mitzuteilen, in der Hoffnung, dass sie Beru\u0308cksichtigung finden.!<br \/>\nWir wollen eine Verbesserung der Pflege und der Pflegeversicherung!<\/p><\/blockquote>\n<\/li>\n<p><!--more--><\/p>\n<li><strong>Was mo\u0308chten Sie mit Ihrer Bitte\/Beschwerde erreichen? (500 Zeichen zula\u0308ssig)<\/strong><br \/>\n<blockquote><p>Mit unserem Schreiben wollen wir Ihnen unsere Ideen mitteilen und hoffen, dass Sie ernsthaft u\u0308ber unsere Vorschla\u0308ge nachdenken.! Wir brauchen mehr Menschlichkeit in der Pflege. Mehr Geld ist no\u0308tig, um eine Vera\u0308nderung der Pflege und Pflegeversicherung erreichen zu ko\u0308nnen. Daran anknu\u0308pfend natu\u0308rlich auch mehr Personal, um eine individuelle und ganzheitliche Pflege von Pflegebedu\u0308rftigen erreichen zu ko\u0308nnen. Ein wu\u0308rdevoller Umgang, vor allem mit a\u0308lteren Menschen, ist ebenfalls ein wichtiger Aspekt.<\/p><\/blockquote>\n<\/li>\n<li><strong>Gegen wen, insbesondere welche Beho\u0308rde\/Institution richtet sich Ihre Beschwerde? (500 Zeichen zula\u0308ssig)<\/strong><br \/>\n<blockquote><p>\nDie Petition ist fu\u0308r das Bundesministerium fu\u0308r Gesundheit bestimmt.<\/p><\/blockquote>\n<\/li>\n<li><strong>Muss nach Ihrer Vorstellung ein Gesetz\/eine Vorschrift gea\u0308ndert\/erga\u0308nzt werden? Wenn ja, welche(s)? (500 Zeichen zula\u0308ssig)<\/strong><br \/>\n<blockquote><p>Ja, die Pflegeversicherung braucht eine Vera\u0308nderung, aber auch alle Pflegeberufe! Die Ideen dazu finden Sie in der Begru\u0308ndung (ein Kasten spa\u0308ter).<\/p><\/blockquote>\n<\/li>\n<li><strong>Bitte geben Sie eine kurze Begru\u0308ndung fu\u0308r Ihre Bitte\/Beschwerde:<\/strong><br \/>\n<blockquote><p>Die Pflegeversicherung und alle Pflegeberufe brauchen eine Vera\u0308nderung! Hier sind unsere Ideen dazu:<\/p>\n<ul>\n<li>verpflichtendes Sozialpraktikum ab der achten Klasse (v.a. Altenpflege &#038; Krankenhaus)<\/li>\n<li>in der neunten\/zehnten Klasse verschiedene Berufsschulen besuchen\/kennen lernen<\/li>\n<li>sechs Monate frei fu\u0308r Pflege der Angeho\u0308rigen &#8211;> bezahlt von der Pflegeversicherung<\/li>\n<li>Pflege &#8211; Riester<\/li>\n<li>neue Einteilung der Pflegestufen (individuell)<\/li>\n<li>mehr Werbung fu\u0308r den Beruf (GPA)<\/li>\n<li>mehr Hilfsmittel, um eine gute Pflege zu ermo\u0308glichen<\/li>\n<li>Leistungskatalog erweitern (indiviuell)<\/li>\n<li>verpflichtende Beitra\u0308ge von Gro\u00dfkonzernen an alle Pflegeeinrichtungen<\/li>\n<li>Werbung fu\u0308r Ehrenamt<\/li>\n<li>mehr Bruttogehalt &#038; Prozentsatz kann dann ebenfalls erho\u0308ht werden<\/li>\n<li>Name &#8220;Altenpflege&#8221; sollte attraktiver sein (vielleicht besser Seniorenpflegerin)<\/li>\n<\/ul>\n<p>Das grundsa\u0308tzliches Ziel der Pflegeversicherung ist, dass die Pflegebedu\u0308rftigen Hilfe erfahren und das sie trotz ihres Hilfebdarfs ein mo\u0308glichst selbsta\u0308ndiges und selbstbestimmtes Leben fu\u0308hren ko\u0308nnen. Es soll der Wu\u0308rde des Menschen entsprechen. Die Hilfen sollten darauf ausgerichtet sein, die ko\u0308rperlichen, seelischen und geistigen Kra\u0308fte das Pflegebedu\u0308rftigen wiederzugewinnen und\/oder zu erhalten. Weiterhin soll das Prinzip der aktivierenden Pflege bei allen Pflegeleistungen beachtet werden. ! Wir sind Schu\u0308ler und Schu\u0308lerinnen der Gesundheit- und Pflegeassistenz Klasse GPA10\/6B der Gesundheitsschule W1in Hamburg. Wir leben jeden Tag in der Pflege, arbeiten in unterschiedlichen Pflegeeinrichtungen. Wir sind frustriert u\u0308ber die Bedingungen, die uns gegeben sind! Wir sind weit entfernt, diesen oben genannten Grundsatz erfu\u0308llen zu ko\u0308nnen. Es ist immer ein Arbeiten gegen die Zeit. Wir sind froh in diesem Beruf arbeiten zu du\u0308rfen! Jedoch fa\u0308llt es manchmal schwer daran fest zu halten. In der Schule lernen wir die Theorie. In der Pflegeeinrichtung erleben wir die Praxis. Wir sind also mitten drin und wir ko\u0308nnen von uns behaupten, einscha\u0308tzen zu ko\u0308nnen, was unseren Patienten und uns gut tun wu\u0308rde.! Wir arbeiten sehr gern in dem Ausbildungsberuf, wir sind reflektiert und kennen unsere Grenzen. Wir sind motiviert etwas zu a\u0308ndern. Dieser Brief soll ein kleiner Ansto\u00df sein, woran auch gedacht werden muss und was uns als unmittelbar Betroffene in dreifacher Sicht (wir sind Pflegende, wir sind Schu\u0308lerInnen und wir werden auch alt und brauchen Sicherheit fu\u0308r die Zukunft). Wir haben Angst, wie soll es weiter gehen mit dem Sozialstaat Deutschland, wenn wir doch bei denen (den a\u0308lteren Menschen), die es wirklich no\u0308tig haben, anfangen mu\u0308ssen zu sparen. Wir haben aber auch Angst, um uns selbst, die wir alt und krank werden.! Bitte nehmen Sie uns wahr. Beste Gru\u0308\u00dfe aus Hamburg:-)! PS: Ich schreibe diese Petition stellvertretend fu\u0308r meine Schu\u0308lerInnen der GPA10\/6B. Die Inhalte der Petition sind ein Arbeitsergebnis aus dem Unterricht und liegen den Schu\u0308lerInnen sehr am Herzen.<\/p><\/blockquote>\n<\/li>\n<\/ol>\n<hr>\n<p>Ich m\u00f6chte Sie nun bitten, Ihre Ideen zu dieser Petition \u00fcber die Kommentarfunktion mitzuteilen. Somit k\u00f6nnen wir uns einem Ergebnis n\u00e4hern, mit dem dann hoffentlich alle zufrieden sein werden.<br \/>\nViel Freude:-)<\/p>\n","protected":false},"excerpt":{"rendered":"<p>Im Rahmen des Unterrichts zum Thema Pflegeversicherung haben wir eine Petition erarbeitet bzw. uns erste Gedanken hierzu gemacht. Der aktuelle Stand ist nachfolgend zu lesen: Einzelpetition an den Deutschen Bundestag U\u0308ber welche Entscheidung\/welche Ma\u00dfnahme\/welchen Sachverhalt wollen Sie sich beschweren? (Kurze &hellip; <a href=\"https:\/\/edublog.me\/klassenblog\/2011\/01\/11\/petitonsentwurf\/\">Weiterlesen <span class=\"meta-nav\">&rarr;<\/span><\/a><\/p>\n","protected":false},"author":2,"featured_media":0,"comment_status":"open","ping_status":"open","sticky":false,"template":"","format":"standard","meta":{"footnotes":""},"categories":[9],"tags":[11,12],"class_list":["post-29","post","type-post","status-publish","format-standard","hentry","category-gpa106b","tag-petition","tag-pflegeversicherung"],"_links":{"self":[{"href":"https:\/\/edublog.me\/klassenblog\/wp-json\/wp\/v2\/posts\/29","targetHints":{"allow":["GET"]}}],"collection":[{"href":"https:\/\/edublog.me\/klassenblog\/wp-json\/wp\/v2\/posts"}],"about":[{"href":"https:\/\/edublog.me\/klassenblog\/wp-json\/wp\/v2\/types\/post"}],"author":[{"embeddable":true,"href":"https:\/\/edublog.me\/klassenblog\/wp-json\/wp\/v2\/users\/2"}],"replies":[{"embeddable":true,"href":"https:\/\/edublog.me\/klassenblog\/wp-json\/wp\/v2\/comments?post=29"}],"version-history":[{"count":18,"href":"https:\/\/edublog.me\/klassenblog\/wp-json\/wp\/v2\/posts\/29\/revisions"}],"predecessor-version":[{"id":51,"href":"https:\/\/edublog.me\/klassenblog\/wp-json\/wp\/v2\/posts\/29\/revisions\/51"}],"wp:attachment":[{"href":"https:\/\/edublog.me\/klassenblog\/wp-json\/wp\/v2\/media?parent=29"}],"wp:term":[{"taxonomy":"category","embeddable":true,"href":"https:\/\/edublog.me\/klassenblog\/wp-json\/wp\/v2\/categories?post=29"},{"taxonomy":"post_tag","embeddable":true,"href":"https:\/\/edublog.me\/klassenblog\/wp-json\/wp\/v2\/tags?post=29"}],"curies":[{"name":"wp","href":"https:\/\/api.w.org\/{rel}","templated":true}]}}